{"id":25,"date":"2009-04-17T20:45:36","date_gmt":"2009-04-17T19:45:36","guid":{"rendered":"http:\/\/www.vidareutbildning.se\/skolloggen\/?p=25"},"modified":"2009-04-17T20:46:51","modified_gmt":"2009-04-17T19:46:51","slug":"ett-tionde-ar-i-grundskolan","status":"publish","type":"post","link":"https:\/\/www.vidareutbildning.se\/skolloggen\/ett-tionde-ar-i-grundskolan\/","title":{"rendered":"Ett tionde \u00e5r i grundskolan."},"content":{"rendered":"<h1>Tionde skol\u00e5r testas p\u00e5 tv\u00e5 skolor i Stockholm<\/h1>\n<p class=\"published\">\n<div class=\"preamble\">\n<p><em>Det tionde skol\u00e5ret i grundskolan inf\u00f6rs i <a title=\"skola\" href=\"http:\/\/www.dn.se\/sthlm\/tionde-skolar-testas-pa-tva-skolor-i-stockholm-1.846025\">Stockholm<\/a> redan i h\u00f6st. Ett femtiotal elever ska delta i en f\u00f6rs\u00f6ksverksamhet vid H\u00f6galidsskolan och Bred\u00e4ngsskolan.<\/em><\/div>\n<div id=\"hook\">\n<div class=\"block block-advert\"><!-- Adtoma banner (start) --> <script type=\"text\/javascript\"><!--\nwindow.Fusion.space(\"WSC1\");\n\/\/ --><\/script><script type=\"text\/javascript\"><!--\n&lt;! \nvar flurlBase_7964166145WSC1=window.Fusion.getAdvertEventUrl(7964166145,'click')+\"?url=http:\/\/cl29.v4.adaction.se\/click.php?1603,18546,0,&amp;z=\";\nvar flurl_7964166145WSC1=encodeURIComponent(flurlBase_7964166145WSC1);\n\ndocument.write('&lt;div id=\"Fusion_holder_7964166145WSC1\"&gt;&lt;\/div&gt;');\n\nvar so_7964166145WSC1 = new SWFObject_Fusion(\"http:\/\/fusion.adtoma.com:80\/116797AC01\/11DAB56801.swf\", \"Fusionflash_7964166145WSC1\", \"250\", \"360\", \"6\", \"\");\nso_7964166145WSC1.addParam(\"wmode\",\"opaque\");\nso_7964166145WSC1.addParam(\"allowscriptaccess\",\"always\");\nso_7964166145WSC1.addVariable(\"clickTAG\",flurl_7964166145WSC1);\nso_7964166145WSC1.addVariable(\"clickTag\",flurl_7964166145WSC1);\nso_7964166145WSC1.addVariable(\"clicktag\",flurl_7964166145WSC1);\nso_7964166145WSC1.write(\"Fusion_holder_7964166145WSC1\");\n\nAdPlayTracking7964166145WSC1 = new Image();\nAdPlayTracking7964166145WSC1.src = \"\";\n\/\/ &gt;\n\/\/ --><\/script><\/p>\n<div id=\"Fusion_holder_7964166145WSC1\"><\/div>\n<p><!-- Adtoma banner end --><\/div>\n<\/div>\n<p><strong><\/strong> F\u00f6rs\u00f6ket \u00e4r t\u00e4nkt f\u00f6r obeh\u00f6riga och svaga elever och har sin bakgrund i att en stor grupp elever l\u00e4mnar grundskolan med l\u00e5ga po\u00e4ng och betyg i f\u00e5 \u00e4mnen.<\/p>\n<p>Enligt f\u00f6rslaget ska eleverna delas upp i tre grupper p\u00e5 14\u201318 elever vardera, med huvudinriktning kommunikation-globalisering, milj\u00f6-teknik och hantverk-design. De ska l\u00e4sa alla \u00e4mnen som finns i grundskolan, ha praktikperioder och m\u00f6jlighet att pr\u00f6va f\u00f6r betyg.<\/p>\n<p>Det \u00e4r v\u00e4l bra att man forts\u00e4tter i grundskolan ist\u00e4llet f\u00f6r IV-programmet p\u00e5 gymnasiet, d\u00e5 det kanske kan vara en sporre att man faktiskt ska ha klarat av n\u00e5got innan man b\u00f6rjar p\u00e5 gymnasiet. Men samtidigt kanske naivt att tro att ett tionde skol\u00e5r skulle g\u00f6ra skillnaden. Kanske f\u00f6r n\u00e5gra, men inte f\u00f6r de flesta.<\/p>\n","protected":false},"excerpt":{"rendered":"<p>Tionde skol\u00e5r testas p\u00e5 tv\u00e5 skolor i Stockholm Det tionde skol\u00e5ret i grundskolan inf\u00f6rs i Stockholm redan i h\u00f6st. Ett femtiotal elever ska delta i en f\u00f6rs\u00f6ksverksamhet vid H\u00f6galidsskolan och Bred\u00e4ngsskolan. F\u00f6rs\u00f6ket \u00e4r t\u00e4nkt f\u00f6r obeh\u00f6riga och svaga elever och har sin bakgrund i att en stor grupp elever l\u00e4mnar grundskolan med l\u00e5ga po\u00e4ng och&#8230; <\/p>\n<div class=\"read-more\"><a href=\"https:\/\/www.vidareutbildning.se\/skolloggen\/ett-tionde-ar-i-grundskolan\/\">Read More<\/a><\/div>\n","protected":false},"author":1,"featured_media":0,"comment_status":"open","ping_status":"open","sticky":false,"template":"","format":"standard","meta":{"footnotes":""},"categories":[11,5],"tags":[16],"class_list":["post-25","post","type-post","status-publish","format-standard","hentry","category-amneskunskaper","category-grundskolan","tag-skolar"],"_links":{"self":[{"href":"https:\/\/www.vidareutbildning.se\/skolloggen\/wp-json\/wp\/v2\/posts\/25","targetHints":{"allow":["GET"]}}],"collection":[{"href":"https:\/\/www.vidareutbildning.se\/skolloggen\/wp-json\/wp\/v2\/posts"}],"about":[{"href":"https:\/\/www.vidareutbildning.se\/skolloggen\/wp-json\/wp\/v2\/types\/post"}],"author":[{"embeddable":true,"href":"https:\/\/www.vidareutbildning.se\/skolloggen\/wp-json\/wp\/v2\/users\/1"}],"replies":[{"embeddable":true,"href":"https:\/\/www.vidareutbildning.se\/skolloggen\/wp-json\/wp\/v2\/comments?post=25"}],"version-history":[{"count":2,"href":"https:\/\/www.vidareutbildning.se\/skolloggen\/wp-json\/wp\/v2\/posts\/25\/revisions"}],"predecessor-version":[{"id":27,"href":"https:\/\/www.vidareutbildning.se\/skolloggen\/wp-json\/wp\/v2\/posts\/25\/revisions\/27"}],"wp:attachment":[{"href":"https:\/\/www.vidareutbildning.se\/skolloggen\/wp-json\/wp\/v2\/media?parent=25"}],"wp:term":[{"taxonomy":"category","embeddable":true,"href":"https:\/\/www.vidareutbildning.se\/skolloggen\/wp-json\/wp\/v2\/categories?post=25"},{"taxonomy":"post_tag","embeddable":true,"href":"https:\/\/www.vidareutbildning.se\/skolloggen\/wp-json\/wp\/v2\/tags?post=25"}],"curies":[{"name":"wp","href":"https:\/\/api.w.org\/{rel}","templated":true}]}}