{"id":332,"date":"2025-07-21T20:27:05","date_gmt":"2025-07-21T19:27:05","guid":{"rendered":"https:\/\/www.vidareutbildning.se\/skolloggen\/?p=332"},"modified":"2025-09-21T11:38:28","modified_gmt":"2025-09-21T10:38:28","slug":"stipendier-att-soka-for-larare-och-pedagoger","status":"publish","type":"post","link":"https:\/\/www.vidareutbildning.se\/skolloggen\/stipendier-att-soka-for-larare-och-pedagoger\/","title":{"rendered":"Stipendier att s\u00f6ka f\u00f6r l\u00e4rare och pedagoger"},"content":{"rendered":"\n<p>Det finns en rad stipendier att s\u00f6ka f\u00f6r l\u00e4rare och pedagoger som vill utveckla sina kunskaper eller undervisningsmetoder<\/p>\n\n\n\n<p><strong>## Margareta och Ingemar Ingemarssons stiftelse<\/strong><\/p>\n\n\n\n<p>F\u00f6r vem: L\u00e4rare eller studerande vid svenska skolor, h\u00f6gskolor och universitet samt \u00f6vriga engagerade i undervisning eller utbildning. Stipendier ges \u00e4ven till f\u00f6rskolor, bidrag f\u00f6r att s\u00f6ka dessa stipendier f\u00f6r pedagogisk utveckling.<\/p>\n\n\n\n<p>F\u00f6r vad: Att st\u00f6dja och uppmuntra utveckling av undervisning och utbildning p\u00e5 alla niv\u00e5er inom det svenska utbildningssystemet.<\/p>\n\n\n\n<p>Mer information: <a href=\"http:\/\/ingemarsson.se\" target=\"_blank\" rel=\"noreferrer noopener\">ingemarsson.se<\/a><\/p>\n\n\n\n<p><strong>## SFUB<\/strong><\/p>\n\n\n\n<p>F\u00f6r vem: F\u00f6r l\u00e4rare och skolledare.<\/p>\n\n\n\n<p>F\u00f6r vad: Medel f\u00f6r studieresor och utlandspraktik.<\/p>\n\n\n\n<p>S\u00e5 s\u00f6ker du: Ans\u00f6kan via SFUB:s hemsida. Ans\u00f6kningsperioden st\u00e4nger 1 mars 2026.<\/p>\n\n\n\n<p>Mer information: <a href=\"http:\/\/sfub.se\" target=\"_blank\" rel=\"noreferrer noopener\">sfub.se<\/a><\/p>\n\n\n\n<p><strong>## Jerringfonden<\/strong><\/p>\n\n\n\n<p>F\u00f6r vem: Jerringfonden delar ut stipendier till personer eller grupper av personer som vill utveckla sin verksamhet, med s\u00e4rskild betoning p\u00e5 unga under 18 \u00e5r.<\/p>\n\n\n\n<p>F\u00f6r vad: F\u00f6reningar och skolor som vill fr\u00e4mja barns och ungas utbildning, forskning och st\u00f6dverksamhet inom h\u00e4lso- och sjukv\u00e5rd, samt vetenskaplig forskning relaterad till stiftelsens \u00e4ndam\u00e5l.<\/p>\n\n\n\n<p>S\u00e5 s\u00f6ker du: Ans\u00f6kan sker digitalt p\u00e5 Jerringfondens webbplats.<\/p>\n\n\n\n<p>Mer information: <a href=\"http:\/\/jerringfonden.se\/forskning-larande\" target=\"_blank\" rel=\"noreferrer noopener\">jerringfonden.se\/forskning-larande<\/a><\/p>\n\n\n\n<p><strong>## Helgepriset<\/strong><\/p>\n\n\n\n<p>F\u00f6r vem: Kan s\u00f6kas av enskilda l\u00e4rare eller av mindre grupper av l\u00e4rare inom de fyra kategorierna; f\u00f6rskoll\u00e4rare, grundskolans l\u00e4gre respektive h\u00f6gre stadier, gymnasium respektive vuxenutbildning.<\/p>\n\n\n\n<p>F\u00f6r vad: F\u00f6r l\u00e4rare som vill pr\u00f6va, utv\u00e4rdera och\/eller dokumentera pedagogiskt utvecklingsarbete baserat p\u00e5 forskning och bepr\u00f6vad erfarenhet med syfte att f\u00f6rb\u00e4ttra undervisningen.<\/p>\n\n\n\n<p>S\u00e5 s\u00f6ker du: L\u00e4s mer p\u00e5 <a href=\"http:\/\/haxsonj.se\/helgepriset.html\" target=\"_blank\" rel=\"noreferrer noopener\">haxsonj.se\/helgepriset.html<\/a><\/p>\n\n\n\n<p><strong>## L\u00e4rarstiftelsen<\/strong><\/p>\n\n\n\n<p>F\u00f6r vem: L\u00e4rare och skolledare i svensk skola.<\/p>\n\n\n\n<p>F\u00f6r vad: Stipendier ges f\u00f6r exempelvis individuella fortbildningsprojekt och skolutveckling.<\/p>\n\n\n\n<p>S\u00e5 s\u00f6ker du: Ans\u00f6kan sker digitalt p\u00e5 L\u00e4rarstiftelsens webbplats.<\/p>\n\n\n\n<p>Stipendier ges bl.a. till &#8220;innovativt l\u00e4rande&#8221; &#8220;l\u00e4rare skriver&#8221; och &#8220;\u00e5rets l\u00e4rarf\u00f6rfattare.<\/p>\n\n\n\n<p>Mer information: <a href=\"http:\/\/lararstiftelsen.se\/stipendier\/alla-stipendier\" target=\"_blank\" rel=\"noreferrer noopener\">lararstiftelsen.se\/stipendier\/alla-stipendier<\/a><\/p>\n\n\n\n<p>## Natur och Kulturs resestipendium f\u00f6r l\u00e4rare<\/p>\n\n\n\n<p>F\u00f6r vem: Stipendiet kan s\u00f6kas av verksamma l\u00e4rare i svenska skolor.<\/p>\n\n\n\n<p>F\u00f6r vad: M\u00f6jlighet att genomf\u00f6ra resor utomlands f\u00f6r inspiration, n\u00e4tverkande och kompetensutveckling.<\/p>\n\n\n\n<p>S\u00e5 s\u00f6ker du: S\u00f6k under h\u00f6sten. Resan ska genomf\u00f6ras n\u00e4stf\u00f6ljande l\u00e4s\u00e5r.<\/p>\n\n\n\n<p>Maxbelopp: 50,000kr.<\/p>\n\n\n\n<p>Mer information: <a href=\"http:\/\/nok.se\/priser-stipendier-stod\/stipendier\/resestipendium\" target=\"_blank\" rel=\"noreferrer noopener\">nok.se\/priser-stipendier-stod\/stipendier\/resestipendium<\/a><\/p>\n\n\n\n<p><strong>## Erasmus+ Mobilitet<\/strong><\/p>\n\n\n\n<p>F\u00f6r vem: Kan s\u00f6kas av skolor, fr\u00e5n f\u00f6rskoleklass till vuxenutbildning.<\/p>\n\n\n\n<p>F\u00f6r vad: Deltagande i fortbildning, studiebes\u00f6k eller partnerskapsprojekt inom EU.<\/p>\n\n\n\n<p>S\u00e5 s\u00f6ker du: Ans\u00f6kan till Erasmus+ sker \u00e5rligen, via Universitets- och h\u00f6gskoler\u00e5det.<\/p>\n\n\n\n<p>Mer information: <a href=\"http:\/\/uhr.se\/internationella-mojligheter\/samarbete-och-utbyte\/kom-igang\/finansiarer-och-program\/erasmus\" target=\"_blank\" rel=\"noreferrer noopener\">uhr.se\/internationella-mojligheter\/samarbete-och-utbyte\/kom-igang\/finansiarer-och-program\/erasmus<\/a><\/p>\n\n\n\n<p><strong>## Atlas partnerskap<\/strong><\/p>\n\n\n\n<p>F\u00f6r vem: F\u00f6rskolor, skolor och organisationer inom utbildning som s\u00f6ker medel f\u00f6r samarbete med motsvarande utbildningsinstitutioner \u00f6ver hela v\u00e4rlden.<\/p>\n\n\n\n<p>F\u00f6r vad: Partnerskapsprojekt mellan olika skolor och l\u00e4nder.<\/p>\n\n\n\n<p>Mer information: <a href=\"https:\/\/uhr.se\/internationella-mojligheter\/samarbete-och-utbyte\/sok-finansiering\/atlas-partnerskap\/\">https:\/\/uhr.se\/internationella-mojligheter\/samarbete-och-utbyte\/sok-finansiering\/atlas-partnerskap\/<\/a><\/p>\n\n\n\n<p><strong>## Atlas planering<\/strong><\/p>\n\n\n\n<p>F\u00f6r vem: F\u00f6r skolor\/organisationer inom vuxenutbildningen.<\/p>\n\n\n\n<p>F\u00f6r vad: St\u00f6d f\u00f6r planering av internationella samarbeten och utvecklingsprojekt.<\/p>\n\n\n\n<p>Mer information: <a href=\"https:\/\/uhr.se\/internationella-mojligheter\/samarbete-och-utbyte\/sok-finansiering\/atlas-partnerskap\/\">https:\/\/uhr.se\/internationella-mojligheter\/samarbete-och-utbyte\/sok-finansiering\/atlas-planering<\/a><\/p>\n\n\n\n<p><strong>## Nordplus Horisontal<\/strong><\/p>\n\n\n\n<p>F\u00f6r vem: Organisationer och skolor i de nordiska och baltiska l\u00e4nderna.<\/p>\n\n\n\n<p>F\u00f6r vad: Projekt som syftar till samarbete p\u00e5 tv\u00e4rs \u00f6ver sektorer och niv\u00e5er i skolv\u00e4sendet.<\/p>\n\n\n\n<p>Mer information: <a href=\"https:\/\/uhr.se\/internationella-mojligheter\/samarbete-och-utbyte\/sok-finansiering\/atlas-partnerskap\/\">https:\/\/uhr.se\/internationella-mojligheter\/samarbete-och-utbyte\/sok-finansiering\/nordplus-horisontal<\/a><\/p>\n\n\n\n<p><strong>## Nordplus Junior<\/strong><\/p>\n\n\n\n<p>F\u00f6r vem: F\u00f6rskolor, grundskolor och gymnasieskolor, b\u00e5de teoretiska och yrkesprogram<\/p>\n\n\n\n<p>F\u00f6r vad: Olika typer av utbyten, projekt och n\u00e4tverk i de nordiska och baltiska l\u00e4nderna.<\/p>\n\n\n\n<p>Mer information: <a href=\"https:\/\/uhr.se\/internationella-mojligheter\/samarbete-och-utbyte\/sok-finansiering\/atlas-partnerskap\/\">https:\/\/uhr.se\/internationella-mojligheter\/samarbete-och-utbyte\/sok-finansiering\/nordplus-junior<\/a><\/p>\n\n\n\n<p><strong>## Nordplus Nordens spr\u00e5k<\/strong><\/p>\n\n\n\n<p>F\u00f6r vem: Grundskolor, gymnasieskolor, universitet, h\u00f6gskolor och organisationer.<\/p>\n\n\n\n<p>F\u00f6r vad: Olika typer av utbyten, projekt och n\u00e4tverk i de nordiska l\u00e4nderna som bidrar till nordisk spr\u00e5kf\u00f6rst\u00e5else.<\/p>\n\n\n\n<p>Mer information: <a href=\"https:\/\/uhr.se\/internationella-mojligheter\/samarbete-och-utbyte\/sok-finansiering\/atlas-partnerskap\/\">https:\/\/uhr.se\/internationella-mojligheter\/samarbete-och-utbyte\/sok-finansiering\/nordplus-nordens-sprak<\/a><\/p>\n\n\n\n<p><strong>## Nordplus Vuxen<\/strong><\/p>\n\n\n\n<p>F\u00f6r vem: L\u00e4rare och elever p\u00e5 vuxenutbildningar<\/p>\n\n\n\n<p>F\u00f6r vad: St\u00e4rka vuxnas l\u00e4rande<\/p>\n\n\n\n<p>Mer information: <a href=\"https:\/\/uhr.se\/internationella-mojligheter\/samarbete-och-utbyte\/sok-finansiering\/atlas-partnerskap\/\">https:\/\/uhr.se\/internationella-mojligheter\/samarbete-och-utbyte\/sok-finansiering\/nordplus-vuxen<\/a><\/p>\n\n\n\n<p><strong>## Skolambassad\u00f6r f\u00f6r EU<\/strong><\/p>\n\n\n\n<p>F\u00f6r vem: L\u00e4rare p\u00e5 h\u00f6gstadie- och gymnasieskolor<\/p>\n\n\n\n<p>F\u00f6r vad: Delta i n\u00e4tverk, utbildningar och arrangemang kopplade till information om EU.<\/p>\n\n\n\n<p>Mer information: <a href=\"https:\/\/uhr.se\/internationella-mojligheter\/samarbete-och-utbyte\/sok-finansiering\/nordplus-vuxen\">https:\/\/uhr.se\/internationella-mojligheter\/skolambassador-for-eu<\/a><\/p>\n\n\n\n<p><strong>## Stipendier fr\u00e5n L<\/strong>ars Salviusf\u00f6reningen<\/p>\n\n\n\n<p>F\u00f6r vem: F\u00f6rfattare av vetenskapliga texter som kopieras f\u00f6r undervisnings\u00e4ndam\u00e5l p\u00e5 h\u00f6gskoleniv\u00e5.<\/p>\n\n\n\n<p>F\u00f6r vad: Genomf\u00f6rande av projekt som kan underl\u00e4tta kommunikationen mellan forskare och allm\u00e4nhet<\/p>\n\n\n\n<p>Mer information: <a href=\"http:\/\/larssalviusforeningen.se\" target=\"_blank\" rel=\"noreferrer noopener\">larssalviusforeningen.se<\/a><\/p>\n\n\n\n<p><\/p>\n\n\n\n<p><strong>## Stipendier fr\u00e5n franskl\u00e4rarf\u00f6reningen<\/strong><\/p>\n\n\n\n<p>F\u00f6r vem: F\u00f6r l\u00e4rare i franska.<\/p>\n\n\n\n<p>Mer information: <a href=\"https:\/\/fransklararforeningen.com\/stipendier\">fransklararforeningen.com\/stipendier<\/a><\/p>\n\n\n\n<p><strong>## L\u00e4nsstyrelsernas stiftelses\u00f6k<\/strong><\/p>\n\n\n\n<p>Samordnad s\u00f6kmotor f\u00f6r stipendier fr\u00e5n l\u00e4nsstyrelserna till organisationer, skolor och privatpersoner.<\/p>\n\n\n\n<p>S\u00f6k p\u00e5: <a href=\"http:\/\/lansstyrelsen.se\/stiftelser\" target=\"_blank\" rel=\"noreferrer noopener\">stiftelser.lansstyrelsen.se<\/a><\/p>\n\n\n\n<p><\/p>\n","protected":false},"excerpt":{"rendered":"<p>Det finns en rad stipendier att s\u00f6ka f\u00f6r l\u00e4rare och pedagoger som vill utveckla sina kunskaper eller undervisningsmetoder ## Margareta och Ingemar Ingemarssons stiftelse F\u00f6r vem: L\u00e4rare eller studerande vid svenska skolor, h\u00f6gskolor och universitet samt \u00f6vriga engagerade i undervisning eller utbildning. Stipendier ges \u00e4ven till f\u00f6rskolor, bidrag f\u00f6r att s\u00f6ka dessa stipendier f\u00f6r pedagogisk&#8230; <\/p>\n<div class=\"read-more\"><a href=\"https:\/\/www.vidareutbildning.se\/skolloggen\/stipendier-att-soka-for-larare-och-pedagoger\/\">Read More<\/a><\/div>\n","protected":false},"author":1,"featured_media":0,"comment_status":"open","ping_status":"open","sticky":false,"template":"","format":"standard","meta":{"footnotes":""},"categories":[44],"tags":[],"class_list":["post-332","post","type-post","status-publish","format-standard","hentry","category-stipendier"],"_links":{"self":[{"href":"https:\/\/www.vidareutbildning.se\/skolloggen\/wp-json\/wp\/v2\/posts\/332","targetHints":{"allow":["GET"]}}],"collection":[{"href":"https:\/\/www.vidareutbildning.se\/skolloggen\/wp-json\/wp\/v2\/posts"}],"about":[{"href":"https:\/\/www.vidareutbildning.se\/skolloggen\/wp-json\/wp\/v2\/types\/post"}],"author":[{"embeddable":true,"href":"https:\/\/www.vidareutbildning.se\/skolloggen\/wp-json\/wp\/v2\/users\/1"}],"replies":[{"embeddable":true,"href":"https:\/\/www.vidareutbildning.se\/skolloggen\/wp-json\/wp\/v2\/comments?post=332"}],"version-history":[{"count":5,"href":"https:\/\/www.vidareutbildning.se\/skolloggen\/wp-json\/wp\/v2\/posts\/332\/revisions"}],"predecessor-version":[{"id":346,"href":"https:\/\/www.vidareutbildning.se\/skolloggen\/wp-json\/wp\/v2\/posts\/332\/revisions\/346"}],"wp:attachment":[{"href":"https:\/\/www.vidareutbildning.se\/skolloggen\/wp-json\/wp\/v2\/media?parent=332"}],"wp:term":[{"taxonomy":"category","embeddable":true,"href":"https:\/\/www.vidareutbildning.se\/skolloggen\/wp-json\/wp\/v2\/categories?post=332"},{"taxonomy":"post_tag","embeddable":true,"href":"https:\/\/www.vidareutbildning.se\/skolloggen\/wp-json\/wp\/v2\/tags?post=332"}],"curies":[{"name":"wp","href":"https:\/\/api.w.org\/{rel}","templated":true}]}}